{"id":1801,"date":"2021-09-22T14:24:47","date_gmt":"2021-09-22T14:24:47","guid":{"rendered":"https:\/\/www.eps.com.do\/?p=1801"},"modified":"2024-06-09T10:29:58","modified_gmt":"2024-06-09T10:29:58","slug":"vuelven-las-clases-prepara-a-tus-chicos-para-la-nueva-normalidad","status":"publish","type":"post","link":"https:\/\/www.eps.com.do\/en\/vuelven-las-clases-prepara-a-tus-chicos-para-la-nueva-normalidad\/","title":{"rendered":"\u00a1Vuelven las clases! Prepara a tus chicos para la nueva normalidad."},"content":{"rendered":"<p>Empieza otro a\u00f1o escolar, pero despu\u00e9s de mucho tiempo los chicos y chicas vuelven a la normalidad. Probablemente la \u00faltima vez que estuvieron en el colegio, eran m\u00e1s peque\u00f1os, ten\u00edan otros intereses e incluso tal vez otro grupo de amigos.<\/p>\r\n\r\n\r\n\r\n<p>Si para nosotros la vida dio un cambio de 180\u00b0 grados con la pandemia, probablemente para ellos fue a\u00fan m\u00e1s fuerte. Por eso, hoy en este art\u00edculo te ayudamos a prepararles para este nuevo reto, con los productos m\u00e1s necesarios para la nueva normalidad escolar, sin salir de casa.<\/p>\r\n\r\n\r\n\r\n<h4 class=\"wp-block-heading\"><strong>La tecnolog\u00eda lleg\u00f3 para quedarse<\/strong><\/h4>\r\n\r\n\r\n\r\n<p>Durante el 2020 y 2021 los ni\u00f1os, ni\u00f1as y adolescentes tuvieron que acostumbrarse a conocer a tomar clases y estudiar exclusivamente a trav\u00e9s de las pantallas, por lo cual mil y una aplicaciones nacieron para agilizar el proceso de ense\u00f1anza y aprendizaje, que seg\u00fan los expertos, llegaron para quedarse.<\/p>\r\n\r\n\r\n\r\n<div class=\"wp-block-columns is-layout-flex wp-container-core-columns-is-layout-9d6595d7 wp-block-columns-is-layout-flex\">\r\n<div class=\"wp-block-column is-layout-flow wp-block-column-is-layout-flow\">\r\n<p>La nueva realidad educativa se caracteriza por ser de <strong>modalidad h\u00edbrida<\/strong>: una parte de la ense\u00f1anza se har\u00e1 presencial, priorizando sobre todo la socializaci\u00f3n de los ni\u00f1os y ni\u00f1as, otra parte seguir\u00e1 bas\u00e1ndose en la tecnolog\u00eda. Las tareas, por ejemplo, probablemente se sigan manejando de manera virtual. <\/p>\r\n<\/div>\r\n\r\n\r\n\r\n<div class=\"wp-block-column is-layout-flow wp-block-column-is-layout-flow\">\r\n<figure class=\"wp-block-image size-large\"><img decoding=\"async\" src=\"https:\/\/www.eps.com.do\/wp-content\/uploads\/2021\/09\/Picture2.png\" alt=\"\" class=\"wp-image-1831\"\/><\/figure>\r\n<\/div>\r\n<\/div>\r\n\r\n\r\n\r\n<p>\u00bfPor qu\u00e9 se sigue impulsando el uso de la tecnolog\u00eda? para que los y las alumnas desarrollen autonom\u00eda y habilidades del nuevo mundo virtual. Por eso, es muy probable que tus hijos necesiten acceso a su propia computadora, celular o tablet que les acompa\u00f1e en esta nueva etapa escolar.<\/p>\r\n\r\n\r\n\r\n<div class=\"wp-block-columns is-layout-flex wp-container-core-columns-is-layout-9d6595d7 wp-block-columns-is-layout-flex\">\r\n<div class=\"wp-block-column is-layout-flow wp-block-column-is-layout-flow\">\r\n<p>Puedes encontrar modelos dise\u00f1ados para estudiantes en <a href=\"https:\/\/www.amazon.com\/-\/es\/port%C3%A1til-pulgadas-pantalla-procesador-81X20005US\/dp\/B086226DDB\/ref=sr_1_5?dchild=1&amp;keywords=Laptops+for+College+Students&amp;qid=1628794043&amp;sr=8-5\">este link<\/a>, y opciones similares en Amazon.<\/p>\r\n<\/div>\r\n\r\n\r\n\r\n<div class=\"wp-block-column is-layout-flow wp-block-column-is-layout-flow\">\r\n<figure class=\"wp-block-image size-large\"><img decoding=\"async\" src=\"https:\/\/www.eps.com.do\/wp-content\/uploads\/2021\/09\/Picture1-3.png\" alt=\"\" class=\"wp-image-1826\"\/><\/figure>\r\n<\/div>\r\n<\/div>\r\n\r\n\r\n\r\n<div class=\"wp-block-columns is-layout-flex wp-container-core-columns-is-layout-9d6595d7 wp-block-columns-is-layout-flex\">\r\n<div class=\"wp-block-column is-layout-flow wp-block-column-is-layout-flow\"><\/div>\r\n<\/div>\r\n\r\n\r\n\r\n<h4 class=\"wp-block-heading\"><strong>Comer en la escuela no significa dejar de comer sano.<\/strong><\/h4>\r\n\r\n\r\n\r\n<div class=\"wp-block-columns is-layout-flex wp-container-core-columns-is-layout-9d6595d7 wp-block-columns-is-layout-flex\">\r\n<div class=\"wp-block-column is-layout-flow wp-block-column-is-layout-flow\">\r\n<div class=\"wp-block-columns is-layout-flex wp-container-core-columns-is-layout-9d6595d7 wp-block-columns-is-layout-flex\">\r\n<div class=\"wp-block-column is-layout-flow wp-block-column-is-layout-flow\">\r\n<p>Durante la virtualidad, los chicos tuvieron acceso permanente a comida desde su casa, probablemente pudieron comer comida m\u00e1s sana bajo la supervisi\u00f3n de los padres, pero en el colegio, eso puede volverse un poco m\u00e1s dif\u00edcil.<\/p>\r\n<\/div>\r\n<\/div>\r\n<\/div>\r\n<\/div>\r\n\r\n\r\n\r\n<p>Las cafeter\u00edas del colegio muchas veces no ofrecen comida sana, o tal vez s\u00ed pero al no tener la mirada de sus padres, muchos ni\u00f1os tienden a comer comida poco sana.<\/p>\r\n\r\n\r\n\r\n<p>Para evitar esto, se pueden preparar las comidas la noche anterior, asegur\u00e1ndose siempre de incluir frutas, verduras, raciones moderadas de az\u00facares y carbohidratos.<\/p>\r\n\r\n\r\n\r\n<p>Para transportarla pueden utilizar loncheras t\u00e9rmicas que permiten mantener la temperatura de la comida a lo largo del d\u00eda. \u00a1A nadie le gusta la comida pasada de tiempo!<\/p>\r\n\r\n\r\n\r\n<p>Puedes encontrar algunos modelos muy \u00fatiles como <a href=\"https:\/\/www.amazon.com\/-\/es\/Lonchera-Bento-apilable\/dp\/B082MN519G\/ref=sr_1_2?__mk_es_US=%C3%85M%C3%85%C5%BD%C3%95%C3%91&amp;crid=1AFMJIVLURL0X&amp;dchild=1&amp;keywords=thermal+lunch+box&amp;qid=1628797299&amp;sprefix=termic+lu%2Caps%2C296&amp;sr=8-2\">esta<\/a> para adolescentes que tienen varios niveles, o <a href=\"https:\/\/www.amazon.com\/-\/es\/Lonchera-infantil-compartimentos-materiales-alimentos\/dp\/B08B115T54\/ref=sr_1_14?__mk_es_US=%C3%85M%C3%85%C5%BD%C3%95%C3%91&amp;crid=1AFMJIVLURL0X&amp;dchild=1&amp;keywords=thermal%2Blunch%2Bbox&amp;qid=1628797299&amp;sprefix=termic%2Blu%2Caps%2C296&amp;sr=8-14&amp;th=1\">esta<\/a>&nbsp; que es un modelo m\u00e1s peque\u00f1o.<\/p>\r\n\r\n\r\n\r\n<div class=\"wp-block-columns is-layout-flex wp-container-core-columns-is-layout-9d6595d7 wp-block-columns-is-layout-flex\">\r\n<div class=\"wp-block-column is-layout-flow wp-block-column-is-layout-flow\">\r\n<figure class=\"wp-block-image size-large\"><img decoding=\"async\" src=\"https:\/\/www.eps.com.do\/wp-content\/uploads\/2021\/09\/Picture3-1.png\" alt=\"\" class=\"wp-image-1836\"\/><\/figure>\r\n<\/div>\r\n\r\n\r\n\r\n<div class=\"wp-block-column is-layout-flow wp-block-column-is-layout-flow\">\r\n<figure class=\"wp-block-image size-large\"><img decoding=\"async\" src=\"https:\/\/www.eps.com.do\/wp-content\/uploads\/2021\/09\/Picture4.png\" alt=\"\" class=\"wp-image-1838\"\/><\/figure>\r\n<\/div>\r\n<\/div>\r\n\r\n\r\n\r\n<h4 class=\"wp-block-heading\"><strong>El uniforme de hace dos a\u00f1os ya no sirve<\/strong><\/h4>\r\n\r\n\r\n\r\n<p>Un ni\u00f1o de 10 a\u00f1os tiene una altura y complexi\u00f3n muy diferente a la de uno de 12 a\u00f1os. \u00a1crecen demasiado r\u00e1pido! para volver al colegio probablemente tendr\u00e1s que comprar un nuevo uniforme, zapatos y cintur\u00f3n reglamentario. Adem\u00e1s de accesorios que se adapten a los nuevos gustos y necesidades de los ni\u00f1os que van creciendo, como mochilas, cartucheras o mascotas.<\/p>\r\n\r\n\r\n\r\n<p>Por ejemplo, est\u00e1 <a href=\"https:\/\/www.amazon.com\/-\/es\/Modoker-ordenador-port%C3%A1til-pulgadas-universidad\/dp\/B08V919G88\/ref=sr_1_4?__mk_es_US=%C3%85M%C3%85%C5%BD%C3%95%C3%91&amp;dchild=1&amp;keywords=school+backpack+laptop&amp;qid=1628797756&amp;sr=8-4\">esta<\/a> mochila s\u00faper cool con cargador y espacio para la laptop para los m\u00e1s grandes, o <a href=\"https:\/\/www.amazon.com\/bol%C3%ADgrafos-compartimentos-organizador-universitario-adolescente\/dp\/B07Y2WQ4GP\/ref=sr_1_3_sspa?__mk_es_US=%C3%85M%C3%85%C5%BD%C3%95%C3%91&amp;dchild=1&amp;keywords=holster&amp;qid=1628798180&amp;sr=8-3-spons&amp;psc=1&amp;spLa=ZW5jcnlwdGVkUXVhbGlmaWVyPUEzQkFINk1UTVkxSE9TJmVuY3J5cHRlZElkPUEwNzQ5NDkzMjZWRFdYNlhBVlIxTCZlbmNyeXB0ZWRBZElkPUEwNzU5NjE2MjQyM1NRVkk4Tk5PMCZ3aWRnZXROYW1lPXNwX2F0ZiZhY3Rpb249Y2xpY2tSZWRpcmVjdCZkb05vdExvZ0NsaWNrPXRydWU=\">esta<\/a> cartuchera que tiene muchos compartimentos para que quepa todo lo que necesitan.<\/p>\r\n\r\n\r\n\r\n<div class=\"wp-block-columns is-layout-flex wp-container-core-columns-is-layout-9d6595d7 wp-block-columns-is-layout-flex\">\r\n<div class=\"wp-block-column is-layout-flow wp-block-column-is-layout-flow\">\r\n<figure class=\"wp-block-image size-large\"><img decoding=\"async\" src=\"https:\/\/www.eps.com.do\/wp-content\/uploads\/2021\/09\/Picture5.png\" alt=\"\" class=\"wp-image-1840\"\/><\/figure>\r\n<\/div>\r\n\r\n\r\n\r\n<div class=\"wp-block-column is-layout-flow wp-block-column-is-layout-flow\">\r\n<figure class=\"wp-block-image size-large\"><img decoding=\"async\" src=\"https:\/\/www.eps.com.do\/wp-content\/uploads\/2021\/09\/Picture6.png\" alt=\"\" class=\"wp-image-1841\"\/><\/figure>\r\n<\/div>\r\n<\/div>\r\n\r\n\r\n\r\n<h4 class=\"wp-block-heading\"><strong>\u00bfY ahora c\u00f3mo lo consigo?<\/strong><\/h4>\r\n\r\n\r\n\r\n<p>\u00bfYa tienes tu lista de compras preparada? \u00a1Cool! Entonces el resto, d\u00e9janos a nosotros. En EPS nos encargamos de traer todos los materiales desde Estados Unidos o cualquier parte del pa\u00eds hasta la puerta de tu casa, para que tus hijos empiecen esta nueva etapa escolar con todo lo que necesitan para enfrentar la nueva normalidad.<\/p>\r\n\r\n\r\n\r\n<p>Eso s\u00ed, al igual que nuestros mensajeros que siguen todos los protocolos sanitarios como la <strong>entrega sin contacto<\/strong> y las medidas de protecci\u00f3n sanitaria personales, no olvides que <strong>el COVID sigue siendo un problema<\/strong>, y que debemos protegernos.<\/p>\r\n\r\n\r\n\r\n<p>No dejes de recordarles a tus hijos que la mascarilla debe utilizarse de manera permanente en espacios p\u00fablicos, cubriendo la nariz y el ment\u00f3n, que no deben llevarse las manos a la cara, y que deben higienizarse las manos con agua y jab\u00f3n o con alcohol de manera peri\u00f3dica.<\/p>\r\n\r\n\r\n\r\n<p>Coloca siempre un alcohol en gel en sus bolsillos para que se mantengan higienizados. Sigue siempre las instrucciones y recomendaciones de las autoridades competentes y est\u00e1 atento a los cambios.<\/p>\r\n\r\n\r\n\r\n<p>Ahora s\u00ed, compras hechas, mascarilla puesta, paquete recibido. \u00a1Est\u00e1n listos para empezar este a\u00f1o escolar!<\/p>\r\n\r\n\r\n\r\n<p>Recuerda que, si llegan a necesitar cualquier tipo de material a lo largo del a\u00f1o, EPS est\u00e1 aqu\u00ed para solucionarlo.<\/p>\r\n\r\n\r\n\r\n<p>\u00a1Feliz primer d\u00eda de clases!<\/p>\r\n\r\n\r\n\r\n<div style=\"height:1px\" aria-hidden=\"true\" class=\"wp-block-spacer\"><\/div>\r\n\r\n\r\n\r\n<div style=\"height:1px\" aria-hidden=\"true\" class=\"wp-block-spacer\"><\/div>\r\n\r\n\r\n\r\n<div style=\"height:1px\" aria-hidden=\"true\" class=\"wp-block-spacer\"><\/div>\r\n\r\n\r\n\r\n<div style=\"height:1px\" aria-hidden=\"true\" class=\"wp-block-spacer\"><\/div>","protected":false},"excerpt":{"rendered":"<p>Empieza otro a\u00f1o escolar, pero despu\u00e9s de mucho tiempo los chicos y chicas vuelven a la normalidad. Probablemente la \u00faltima vez que estuvieron en el colegio, eran m\u00e1s peque\u00f1os, ten\u00edan otros intereses [&hellip;]<\/p>\n","protected":false},"author":8,"featured_media":2548,"comment_status":"closed","ping_status":"closed","sticky":false,"template":"","format":"standard","meta":{"_acf_changed":false,"footnotes":""},"categories":[1],"tags":[],"class_list":["post-1801","post","type-post","status-publish","format-standard","has-post-thumbnail","hentry","category-sin-categoria"],"acf":[],"yoast_head":"<!-- This site is optimized with the Yoast SEO plugin v27.2 - https:\/\/yoast.com\/product\/yoast-seo-wordpress\/ -->\n<title>\u00a1Vuelven las clases! Prepara a tus chicos para la nueva normalidad. - EPS<\/title>\n<meta name=\"robots\" content=\"index, follow, max-snippet:-1, max-image-preview:large, max-video-preview:-1\" \/>\n<link rel=\"canonical\" href=\"https:\/\/www.eps.com.do\/en\/vuelven-las-clases-prepara-a-tus-chicos-para-la-nueva-normalidad\/\" \/>\n<meta property=\"og:locale\" content=\"en_US\" \/>\n<meta property=\"og:type\" content=\"article\" \/>\n<meta property=\"og:title\" content=\"\u00a1Vuelven las clases! Prepara a tus chicos para la nueva normalidad. - EPS\" \/>\n<meta property=\"og:description\" content=\"Empieza otro a\u00f1o escolar, pero despu\u00e9s de mucho tiempo los chicos y chicas vuelven a la normalidad. Probablemente la \u00faltima vez que estuvieron en el colegio, eran m\u00e1s peque\u00f1os, ten\u00edan otros intereses [&hellip;]\" \/>\n<meta property=\"og:url\" content=\"https:\/\/www.eps.com.do\/en\/vuelven-las-clases-prepara-a-tus-chicos-para-la-nueva-normalidad\/\" \/>\n<meta property=\"og:site_name\" content=\"EPS\" \/>\n<meta property=\"article:publisher\" content=\"https:\/\/www.facebook.com\/EPSINTL\/?locale=es_LA\" \/>\n<meta property=\"article:published_time\" content=\"2021-09-22T14:24:47+00:00\" \/>\n<meta property=\"article:modified_time\" content=\"2024-06-09T10:29:58+00:00\" \/>\n<meta property=\"og:image\" content=\"https:\/\/www.eps.com.do\/wp-content\/uploads\/2021\/09\/4-1.png\" \/>\n\t<meta property=\"og:image:width\" content=\"1280\" \/>\n\t<meta property=\"og:image:height\" content=\"1280\" \/>\n\t<meta property=\"og:image:type\" content=\"image\/png\" \/>\n<meta name=\"author\" content=\"Michael Harel\" \/>\n<meta name=\"twitter:card\" content=\"summary_large_image\" \/>\n<meta name=\"twitter:label1\" content=\"Written by\" \/>\n\t<meta name=\"twitter:data1\" content=\"Michael Harel\" \/>\n\t<meta name=\"twitter:label2\" content=\"Est. reading time\" \/>\n\t<meta name=\"twitter:data2\" content=\"8 minutes\" \/>\n<script type=\"application\/ld+json\" class=\"yoast-schema-graph\">{\"@context\":\"https:\/\/schema.org\",\"@graph\":[{\"@type\":\"Article\",\"@id\":\"https:\/\/www.eps.com.do\/vuelven-las-clases-prepara-a-tus-chicos-para-la-nueva-normalidad\/#article\",\"isPartOf\":{\"@id\":\"https:\/\/www.eps.com.do\/vuelven-las-clases-prepara-a-tus-chicos-para-la-nueva-normalidad\/\"},\"author\":{\"name\":\"Michael Harel\",\"@id\":\"https:\/\/www.eps.com.do\/#\/schema\/person\/d274fe2f75a55a5554afa2017006f174\"},\"headline\":\"\u00a1Vuelven las clases! Prepara a tus chicos para la nueva normalidad.\",\"datePublished\":\"2021-09-22T14:24:47+00:00\",\"dateModified\":\"2024-06-09T10:29:58+00:00\",\"mainEntityOfPage\":{\"@id\":\"https:\/\/www.eps.com.do\/vuelven-las-clases-prepara-a-tus-chicos-para-la-nueva-normalidad\/\"},\"wordCount\":1572,\"publisher\":{\"@id\":\"https:\/\/www.eps.com.do\/#organization\"},\"image\":{\"@id\":\"https:\/\/www.eps.com.do\/vuelven-las-clases-prepara-a-tus-chicos-para-la-nueva-normalidad\/#primaryimage\"},\"thumbnailUrl\":\"https:\/\/www.eps.com.do\/wp-content\/uploads\/2021\/09\/4-1.png\",\"articleSection\":[\"Sin categor\u00eda\"],\"inLanguage\":\"en-US\"},{\"@type\":\"WebPage\",\"@id\":\"https:\/\/www.eps.com.do\/en\/vuelven-las-clases-prepara-a-tus-chicos-para-la-nueva-normalidad\/\",\"url\":\"https:\/\/www.eps.com.do\/en\/vuelven-las-clases-prepara-a-tus-chicos-para-la-nueva-normalidad\/\",\"name\":\"\u00a1Vuelven las clases! Prepara a tus chicos para la nueva normalidad. - EPS\",\"isPartOf\":{\"@id\":\"https:\/\/www.eps.com.do\/en\/#website\"},\"primaryImageOfPage\":{\"@id\":\"https:\/\/www.eps.com.do\/en\/vuelven-las-clases-prepara-a-tus-chicos-para-la-nueva-normalidad\/#primaryimage\"},\"image\":{\"@id\":\"https:\/\/www.eps.com.do\/vuelven-las-clases-prepara-a-tus-chicos-para-la-nueva-normalidad\/#primaryimage\"},\"thumbnailUrl\":\"https:\/\/www.eps.com.do\/wp-content\/uploads\/2021\/09\/4-1.png\",\"datePublished\":\"2021-09-22T14:24:47+00:00\",\"dateModified\":\"2024-06-09T10:29:58+00:00\",\"inLanguage\":\"en-US\",\"potentialAction\":[{\"@type\":\"ReadAction\",\"target\":[[\"https:\/\/www.eps.com.do\/en\/vuelven-las-clases-prepara-a-tus-chicos-para-la-nueva-normalidad\/\"]]}]},{\"@type\":\"ImageObject\",\"inLanguage\":\"en-US\",\"@id\":\"https:\/\/www.eps.com.do\/en\/vuelven-las-clases-prepara-a-tus-chicos-para-la-nueva-normalidad\/#primaryimage\",\"url\":\"https:\/\/www.eps.com.do\/wp-content\/uploads\/2021\/09\/4-1.png\",\"contentUrl\":\"https:\/\/www.eps.com.do\/wp-content\/uploads\/2021\/09\/4-1.png\",\"width\":1280,\"height\":1280},{\"@type\":\"WebSite\",\"@id\":\"https:\/\/www.eps.com.do\/en\/#website\",\"url\":\"https:\/\/www.eps.com.do\/en\/\",\"name\":\"EPS\",\"description\":\"Transportamos tus env\u00edos y cargas con la mayor rapidez y seguridad\",\"publisher\":{\"@id\":\"https:\/\/www.eps.com.do\/en\/#organization\"},\"alternateName\":\"Express Parcel Service International\",\"potentialAction\":[{\"@type\":\"SearchAction\",\"target\":{\"@type\":\"EntryPoint\",\"urlTemplate\":\"https:\/\/www.eps.com.do\/en\/?s={search_term_string}\"},\"query-input\":{\"@type\":\"PropertyValueSpecification\",\"valueRequired\":true,\"valueName\":\"search_term_string\"}}],\"inLanguage\":\"en-US\"},{\"@type\":\"Organization\",\"@id\":\"https:\/\/www.eps.com.do\/en\/#organization\",\"name\":\"EPS\",\"alternateName\":\"EPS\",\"url\":\"https:\/\/www.eps.com.do\/en\/\",\"logo\":{\"@type\":\"ImageObject\",\"inLanguage\":\"en-US\",\"@id\":\"https:\/\/www.eps.com.do\/en\/#\/schema\/logo\/image\/\",\"url\":\"https:\/\/www.eps.com.do\/wp-content\/uploads\/2025\/04\/logo-eps.jpg\",\"contentUrl\":\"https:\/\/www.eps.com.do\/wp-content\/uploads\/2025\/04\/logo-eps.jpg\",\"width\":696,\"height\":696,\"caption\":\"EPS\"},\"image\":{\"@id\":\"https:\/\/www.eps.com.do\/en\/#\/schema\/logo\/image\/\"},\"sameAs\":[\"https:\/\/www.facebook.com\/EPSINTL\/?locale=es_LA\",\"https:\/\/www.youtube.com\/@EPSCourier\",\"https:\/\/www.instagram.com\/epsintl\/?hl=es\",\"https:\/\/do.linkedin.com\/company\/epsintl\"]},{\"@type\":\"Person\",\"@id\":\"https:\/\/www.eps.com.do\/#\/schema\/person\/d274fe2f75a55a5554afa2017006f174\",\"name\":\"Michael Harel\",\"image\":{\"@type\":\"ImageObject\",\"inLanguage\":\"en-US\",\"@id\":\"https:\/\/secure.gravatar.com\/avatar\/f51972bdbac6eeb120fb351c74afd81caa9e3a6ca3ec0c55d1aa53aeb4b845e9?s=96&d=mm&r=g\",\"url\":\"https:\/\/secure.gravatar.com\/avatar\/f51972bdbac6eeb120fb351c74afd81caa9e3a6ca3ec0c55d1aa53aeb4b845e9?s=96&d=mm&r=g\",\"contentUrl\":\"https:\/\/secure.gravatar.com\/avatar\/f51972bdbac6eeb120fb351c74afd81caa9e3a6ca3ec0c55d1aa53aeb4b845e9?s=96&d=mm&r=g\",\"caption\":\"Michael Harel\"}}]}<\/script>\n<!-- \/ Yoast SEO plugin. -->","yoast_head_json":{"title":"\u00a1Vuelven las clases! Prepara a tus chicos para la nueva normalidad. - EPS","robots":{"index":"index","follow":"follow","max-snippet":"max-snippet:-1","max-image-preview":"max-image-preview:large","max-video-preview":"max-video-preview:-1"},"canonical":"https:\/\/www.eps.com.do\/en\/vuelven-las-clases-prepara-a-tus-chicos-para-la-nueva-normalidad\/","og_locale":"en_US","og_type":"article","og_title":"\u00a1Vuelven las clases! Prepara a tus chicos para la nueva normalidad. - EPS","og_description":"Empieza otro a\u00f1o escolar, pero despu\u00e9s de mucho tiempo los chicos y chicas vuelven a la normalidad. Probablemente la \u00faltima vez que estuvieron en el colegio, eran m\u00e1s peque\u00f1os, ten\u00edan otros intereses [&hellip;]","og_url":"https:\/\/www.eps.com.do\/en\/vuelven-las-clases-prepara-a-tus-chicos-para-la-nueva-normalidad\/","og_site_name":"EPS","article_publisher":"https:\/\/www.facebook.com\/EPSINTL\/?locale=es_LA","article_published_time":"2021-09-22T14:24:47+00:00","article_modified_time":"2024-06-09T10:29:58+00:00","og_image":[{"width":1280,"height":1280,"url":"https:\/\/www.eps.com.do\/wp-content\/uploads\/2021\/09\/4-1.png","type":"image\/png"}],"author":"Michael Harel","twitter_card":"summary_large_image","twitter_misc":{"Written by":"Michael Harel","Est. reading time":"8 minutes"},"schema":{"@context":"https:\/\/schema.org","@graph":[{"@type":"Article","@id":"https:\/\/www.eps.com.do\/vuelven-las-clases-prepara-a-tus-chicos-para-la-nueva-normalidad\/#article","isPartOf":{"@id":"https:\/\/www.eps.com.do\/vuelven-las-clases-prepara-a-tus-chicos-para-la-nueva-normalidad\/"},"author":{"name":"Michael Harel","@id":"https:\/\/www.eps.com.do\/#\/schema\/person\/d274fe2f75a55a5554afa2017006f174"},"headline":"\u00a1Vuelven las clases! Prepara a tus chicos para la nueva normalidad.","datePublished":"2021-09-22T14:24:47+00:00","dateModified":"2024-06-09T10:29:58+00:00","mainEntityOfPage":{"@id":"https:\/\/www.eps.com.do\/vuelven-las-clases-prepara-a-tus-chicos-para-la-nueva-normalidad\/"},"wordCount":1572,"publisher":{"@id":"https:\/\/www.eps.com.do\/#organization"},"image":{"@id":"https:\/\/www.eps.com.do\/vuelven-las-clases-prepara-a-tus-chicos-para-la-nueva-normalidad\/#primaryimage"},"thumbnailUrl":"https:\/\/www.eps.com.do\/wp-content\/uploads\/2021\/09\/4-1.png","articleSection":["Sin categor\u00eda"],"inLanguage":"en-US"},{"@type":"WebPage","@id":"https:\/\/www.eps.com.do\/en\/vuelven-las-clases-prepara-a-tus-chicos-para-la-nueva-normalidad\/","url":"https:\/\/www.eps.com.do\/en\/vuelven-las-clases-prepara-a-tus-chicos-para-la-nueva-normalidad\/","name":"\u00a1Vuelven las clases! Prepara a tus chicos para la nueva normalidad. - EPS","isPartOf":{"@id":"https:\/\/www.eps.com.do\/en\/#website"},"primaryImageOfPage":{"@id":"https:\/\/www.eps.com.do\/en\/vuelven-las-clases-prepara-a-tus-chicos-para-la-nueva-normalidad\/#primaryimage"},"image":{"@id":"https:\/\/www.eps.com.do\/vuelven-las-clases-prepara-a-tus-chicos-para-la-nueva-normalidad\/#primaryimage"},"thumbnailUrl":"https:\/\/www.eps.com.do\/wp-content\/uploads\/2021\/09\/4-1.png","datePublished":"2021-09-22T14:24:47+00:00","dateModified":"2024-06-09T10:29:58+00:00","inLanguage":"en-US","potentialAction":[{"@type":"ReadAction","target":[["https:\/\/www.eps.com.do\/en\/vuelven-las-clases-prepara-a-tus-chicos-para-la-nueva-normalidad\/"]]}]},{"@type":"ImageObject","inLanguage":"en-US","@id":"https:\/\/www.eps.com.do\/en\/vuelven-las-clases-prepara-a-tus-chicos-para-la-nueva-normalidad\/#primaryimage","url":"https:\/\/www.eps.com.do\/wp-content\/uploads\/2021\/09\/4-1.png","contentUrl":"https:\/\/www.eps.com.do\/wp-content\/uploads\/2021\/09\/4-1.png","width":1280,"height":1280},{"@type":"WebSite","@id":"https:\/\/www.eps.com.do\/en\/#website","url":"https:\/\/www.eps.com.do\/en\/","name":"EPS","description":"Transportamos tus env\u00edos y cargas con la mayor rapidez y seguridad","publisher":{"@id":"https:\/\/www.eps.com.do\/en\/#organization"},"alternateName":"Express Parcel Service International","potentialAction":[{"@type":"SearchAction","target":{"@type":"EntryPoint","urlTemplate":"https:\/\/www.eps.com.do\/en\/?s={search_term_string}"},"query-input":{"@type":"PropertyValueSpecification","valueRequired":true,"valueName":"search_term_string"}}],"inLanguage":"en-US"},{"@type":"Organization","@id":"https:\/\/www.eps.com.do\/en\/#organization","name":"EPS","alternateName":"EPS","url":"https:\/\/www.eps.com.do\/en\/","logo":{"@type":"ImageObject","inLanguage":"en-US","@id":"https:\/\/www.eps.com.do\/en\/#\/schema\/logo\/image\/","url":"https:\/\/www.eps.com.do\/wp-content\/uploads\/2025\/04\/logo-eps.jpg","contentUrl":"https:\/\/www.eps.com.do\/wp-content\/uploads\/2025\/04\/logo-eps.jpg","width":696,"height":696,"caption":"EPS"},"image":{"@id":"https:\/\/www.eps.com.do\/en\/#\/schema\/logo\/image\/"},"sameAs":["https:\/\/www.facebook.com\/EPSINTL\/?locale=es_LA","https:\/\/www.youtube.com\/@EPSCourier","https:\/\/www.instagram.com\/epsintl\/?hl=es","https:\/\/do.linkedin.com\/company\/epsintl"]},{"@type":"Person","@id":"https:\/\/www.eps.com.do\/#\/schema\/person\/d274fe2f75a55a5554afa2017006f174","name":"Michael Harel","image":{"@type":"ImageObject","inLanguage":"en-US","@id":"https:\/\/secure.gravatar.com\/avatar\/f51972bdbac6eeb120fb351c74afd81caa9e3a6ca3ec0c55d1aa53aeb4b845e9?s=96&d=mm&r=g","url":"https:\/\/secure.gravatar.com\/avatar\/f51972bdbac6eeb120fb351c74afd81caa9e3a6ca3ec0c55d1aa53aeb4b845e9?s=96&d=mm&r=g","contentUrl":"https:\/\/secure.gravatar.com\/avatar\/f51972bdbac6eeb120fb351c74afd81caa9e3a6ca3ec0c55d1aa53aeb4b845e9?s=96&d=mm&r=g","caption":"Michael Harel"}}]}},"_links":{"self":[{"href":"https:\/\/www.eps.com.do\/en\/wp-json\/wp\/v2\/posts\/1801","targetHints":{"allow":["GET"]}}],"collection":[{"href":"https:\/\/www.eps.com.do\/en\/wp-json\/wp\/v2\/posts"}],"about":[{"href":"https:\/\/www.eps.com.do\/en\/wp-json\/wp\/v2\/types\/post"}],"author":[{"embeddable":true,"href":"https:\/\/www.eps.com.do\/en\/wp-json\/wp\/v2\/users\/8"}],"replies":[{"embeddable":true,"href":"https:\/\/www.eps.com.do\/en\/wp-json\/wp\/v2\/comments?post=1801"}],"version-history":[{"count":0,"href":"https:\/\/www.eps.com.do\/en\/wp-json\/wp\/v2\/posts\/1801\/revisions"}],"wp:featuredmedia":[{"embeddable":true,"href":"https:\/\/www.eps.com.do\/en\/wp-json\/wp\/v2\/media\/2548"}],"wp:attachment":[{"href":"https:\/\/www.eps.com.do\/en\/wp-json\/wp\/v2\/media?parent=1801"}],"wp:term":[{"taxonomy":"category","embeddable":true,"href":"https:\/\/www.eps.com.do\/en\/wp-json\/wp\/v2\/categories?post=1801"},{"taxonomy":"post_tag","embeddable":true,"href":"https:\/\/www.eps.com.do\/en\/wp-json\/wp\/v2\/tags?post=1801"}],"curies":[{"name":"wp","href":"https:\/\/api.w.org\/{rel}","templated":true}]}}